{"id":12322,"date":"2019-06-18T08:27:13","date_gmt":"2019-06-18T06:27:13","guid":{"rendered":"http:\/\/gruene-ratsfraktion-hildesheim.de\/?p=12322"},"modified":"2025-06-24T10:44:39","modified_gmt":"2025-06-24T08:44:39","slug":"nein-zum-rundweg","status":"publish","type":"post","link":"https:\/\/gruene-ratsfraktion-hildesheim.de\/?p=12322","title":{"rendered":"&#8222;Nein&#8220; zum Rundweg"},"content":{"rendered":"\t\t<div data-elementor-type=\"wp-post\" data-elementor-id=\"12322\" class=\"elementor elementor-12322\">\n\t\t\t\t<div class=\"elementor-element elementor-element-34a9721c e-flex e-con-boxed e-con e-parent\" data-id=\"34a9721c\" data-element_type=\"container\">\n\t\t\t\t\t<div class=\"e-con-inner\">\n\t\t\t\t<div class=\"elementor-element elementor-element-2126a114 elementor-widget elementor-widget-text-editor\" data-id=\"2126a114\" data-element_type=\"widget\" data-widget_type=\"text-editor.default\">\n\t\t\t\t<div class=\"elementor-widget-container\">\n\t\t\t\t\t\t\t<!-- wp:paragraph -->\n<p>Auf einem Treffen mit Mitgliedern des Ornithologischen Vereins Hildesheim wurde klar, dass das Nordufer des Hohnsensees au\u00dfer im Sommer von Zug- und heimischen V\u00f6geln genutzt wird. Einige Arten sind auf die Flachwasserbereiche am Ufer angewiesen, andere ben\u00f6tigen bis zu 100m Fluchtdistanz. Diese Umst\u00e4nde lassen sich mit einer Wegenutzung durch Spazierg\u00e4nger nicht in Einklang bringen. Daher mu\u00df von diesem Wegekonzept Abstand genommen werden.<\/p>\n<!-- \/wp:paragraph --><!-- wp:paragraph -->\n<p>Zudem wolle der Jo-Bad-Betreiber Mehler offenbar \u00fcber die Nutzungszeit des Weges selbst entscheiden. Die Stadt kann f\u00fcr die Anlage des Weges unter keinen Umst\u00e4nden 150000\u20ac aufwenden, um anschlie\u00dfend Zust\u00e4ndigkeiten dar\u00fcber an den Privatbetreiber abzugeben.<\/p>\n<!-- \/wp:paragraph --><!-- wp:paragraph --><!-- \/wp:paragraph -->\t\t\t\t\t\t<\/div>\n\t\t\t\t<\/div>\n\t\t\t\t\t<\/div>\n\t\t\t\t<\/div>\n\t\t\t\t<\/div>\n\t\t","protected":false},"excerpt":{"rendered":"<p>Auf einem Treffen mit Mitgliedern des Ornithologischen Vereins Hildesheim wurde klar, dass das Nordufer des Hohnsensees au\u00dfer im Sommer von Zug- und heimischen V\u00f6geln genutzt wird. Einige Arten sind auf&#8230; <\/p>\n","protected":false},"author":1,"featured_media":0,"comment_status":"closed","ping_status":"closed","sticky":false,"template":"","format":"standard","meta":{"footnotes":""},"categories":[119,149,135],"tags":[171,172,154],"class_list":["post-12322","post","type-post","status-publish","format-standard","hentry","category-gruenflaechen","category-naturschutz","category-stadtplanung","tag-hohnsen","tag-rundweg","tag-stadtgruen"],"_links":{"self":[{"href":"https:\/\/gruene-ratsfraktion-hildesheim.de\/index.php?rest_route=\/wp\/v2\/posts\/12322","targetHints":{"allow":["GET"]}}],"collection":[{"href":"https:\/\/gruene-ratsfraktion-hildesheim.de\/index.php?rest_route=\/wp\/v2\/posts"}],"about":[{"href":"https:\/\/gruene-ratsfraktion-hildesheim.de\/index.php?rest_route=\/wp\/v2\/types\/post"}],"author":[{"embeddable":true,"href":"https:\/\/gruene-ratsfraktion-hildesheim.de\/index.php?rest_route=\/wp\/v2\/users\/1"}],"replies":[{"embeddable":true,"href":"https:\/\/gruene-ratsfraktion-hildesheim.de\/index.php?rest_route=%2Fwp%2Fv2%2Fcomments&post=12322"}],"version-history":[{"count":8,"href":"https:\/\/gruene-ratsfraktion-hildesheim.de\/index.php?rest_route=\/wp\/v2\/posts\/12322\/revisions"}],"predecessor-version":[{"id":13829,"href":"https:\/\/gruene-ratsfraktion-hildesheim.de\/index.php?rest_route=\/wp\/v2\/posts\/12322\/revisions\/13829"}],"wp:attachment":[{"href":"https:\/\/gruene-ratsfraktion-hildesheim.de\/index.php?rest_route=%2Fwp%2Fv2%2Fmedia&parent=12322"}],"wp:term":[{"taxonomy":"category","embeddable":true,"href":"https:\/\/gruene-ratsfraktion-hildesheim.de\/index.php?rest_route=%2Fwp%2Fv2%2Fcategories&post=12322"},{"taxonomy":"post_tag","embeddable":true,"href":"https:\/\/gruene-ratsfraktion-hildesheim.de\/index.php?rest_route=%2Fwp%2Fv2%2Ftags&post=12322"}],"curies":[{"name":"wp","href":"https:\/\/api.w.org\/{rel}","templated":true}]}}