{"id":12355,"date":"2019-07-16T07:35:12","date_gmt":"2019-07-16T05:35:12","guid":{"rendered":"http:\/\/gruene-ratsfraktion-hildesheim.de\/?p=12355"},"modified":"2021-06-04T12:48:23","modified_gmt":"2021-06-04T10:48:23","slug":"halbzeitbilanz-von-gruener-und-spd-fraktion","status":"publish","type":"post","link":"https:\/\/gruene-ratsfraktion-hildesheim.de\/?p=12355","title":{"rendered":"Halbzeitbilanz von Gr\u00fcner und SPD-Fraktion"},"content":{"rendered":"<p><img decoding=\"async\" class=\"alignleft\" src=\"https:\/\/gruene-ratsfraktion-hildesheim.de\/wp-content\/uploads\/2016\/09\/Raebiger_1.png\" width=\"123\" height=\"185\"><br \/>\nIn einer Halbzeitklausur haben die Stadtratsfraktionen von SPD und B\u00fcndnis90\/Die Gr\u00fcnen eine positive Zwischenbilanz ihrer kommunalpolitischen Arbeit gezogen:<\/p>\n<p>\u201eWir arbeiten an einer Stadt f\u00fcr alle. Alle Menschen sollen sich hier wohlf\u00fchlen. Die Verwirklichung von Chancengleichheit ist Grundlage unseres politischen Handelns\u201c, so hei\u00dft der erste Satz in der Pr\u00e4ambel der Kooperationsvereinbarung.<br \/>\n\u201eDaran haben wir uns gehalten. Res\u00fcmierend kann deshalb \u00fcber eine bisher erfolgreiche Politik gesprochen werden\u201c. Da sind sich die beiden Fraktionsvorsitzenden Bernd Lynack (SPD) und Ulrich R\u00e4biger (B\u00fcndnis90\/Die Gr\u00fcnen) einig. Der 18 Themen umfassende Kooperationskatalog <!--more--> wurde vornehmlich in den Schwerpunktbereichen Natur und Umwelt, Soziales, Wohnen, Kultur und Bildung, umweltfreundliche Verkehre und Finanzen besetzt. Die gesetzten Schwerpunkte konnten inhaltlich mit wichtigen Themen ausgef\u00fcllt werden.<br \/>\n\u201eDie erreichten Ziele standen grunds\u00e4tzlich unter der Vorgabe eines ausgeglichenen Haushaltes\u201c, so Bernd Lynack. Antr\u00e4ge wurden dabei immer unter der Vorgabe einer notwendigen Gegenfinanzierung abgestimmt. \u201eDie meisten der erreichten Ziele gelten als richtungsweisend\u201c, betont Ulrich R\u00e4biger, wie der Erhalt des Schulbiologiezentrums, der Einrichtung der Investitionsfonds f\u00fcr Kultur und Bildung, der Wiedereinstieg in den sozialen Wohnungsbau, die Einf\u00fchrung von Vergaberichtlinien f\u00fcr neue Baugebiete, dem weiteren Ausbau des Radwegenetzes, eine qualifizierte Sozialraumplanung und der Extremismuspr\u00e4vention, um nur einige zu nennen.<br \/>\nVerschiedene Punkte der Kooperationsvereinbarung sind noch in der weiterf\u00fchrenden Umsetzung. F\u00fcr manche haben sich im Laufe der Zeit naturgem\u00e4\u00df Rahmenbedingungen ver\u00e4ndert, zudem sind stets neue Ziele und Anforderungen dazu gekommen. Die daraus entstandenen umsetzungsrelevanten Arbeitsauftr\u00e4ge gilt es jetzt zielgerichtet abzuarbeiten.<br \/>\nAuch die zweite H\u00e4lfte der Wahlperiode werden die gleichen Themenbereiche vorwiegend die kommunalpolitische Arbeit bestimmen. Als Kernpunkte sind hierbei die Digitalisierung an Schulen, der soziale Wohnungsbau, der Klimaschutz, der weitere Ausbau von Kinderbetreuungspl\u00e4tzen, die E-Mobilit\u00e4t und die Umsetzung von Kulturkompass und Kulturentwicklung zu nennen.<\/p>\n<p>&gt;&gt; <a href=\"https:\/\/gruene-ratsfraktion-hildesheim.de\/wp-content\/uploads\/2019\/07\/Halzeitbilanz-Pressemitteilung.pdf\">zum vollst\u00e4ndigen Dokument (pdf)<\/a><\/p>\n","protected":false},"excerpt":{"rendered":"<p>In einer Halbzeitklausur haben die Stadtratsfraktionen von SPD und B\u00fcndnis90\/Die Gr\u00fcnen eine positive Zwischenbilanz ihrer kommunalpolitischen Arbeit gezogen: \u201eWir arbeiten an einer Stadt f\u00fcr alle. Alle Menschen sollen sich hier&#8230; <\/p>\n","protected":false},"author":1,"featured_media":0,"comment_status":"closed","ping_status":"closed","sticky":false,"template":"","format":"standard","meta":{"footnotes":""},"categories":[123],"tags":[183,64],"class_list":["post-12355","post","type-post","status-publish","format-standard","hentry","category-personalpolitik","tag-halbzeitbilanz","tag-pressemitteilung"],"_links":{"self":[{"href":"https:\/\/gruene-ratsfraktion-hildesheim.de\/index.php?rest_route=\/wp\/v2\/posts\/12355","targetHints":{"allow":["GET"]}}],"collection":[{"href":"https:\/\/gruene-ratsfraktion-hildesheim.de\/index.php?rest_route=\/wp\/v2\/posts"}],"about":[{"href":"https:\/\/gruene-ratsfraktion-hildesheim.de\/index.php?rest_route=\/wp\/v2\/types\/post"}],"author":[{"embeddable":true,"href":"https:\/\/gruene-ratsfraktion-hildesheim.de\/index.php?rest_route=\/wp\/v2\/users\/1"}],"replies":[{"embeddable":true,"href":"https:\/\/gruene-ratsfraktion-hildesheim.de\/index.php?rest_route=%2Fwp%2Fv2%2Fcomments&post=12355"}],"version-history":[{"count":6,"href":"https:\/\/gruene-ratsfraktion-hildesheim.de\/index.php?rest_route=\/wp\/v2\/posts\/12355\/revisions"}],"predecessor-version":[{"id":12368,"href":"https:\/\/gruene-ratsfraktion-hildesheim.de\/index.php?rest_route=\/wp\/v2\/posts\/12355\/revisions\/12368"}],"wp:attachment":[{"href":"https:\/\/gruene-ratsfraktion-hildesheim.de\/index.php?rest_route=%2Fwp%2Fv2%2Fmedia&parent=12355"}],"wp:term":[{"taxonomy":"category","embeddable":true,"href":"https:\/\/gruene-ratsfraktion-hildesheim.de\/index.php?rest_route=%2Fwp%2Fv2%2Fcategories&post=12355"},{"taxonomy":"post_tag","embeddable":true,"href":"https:\/\/gruene-ratsfraktion-hildesheim.de\/index.php?rest_route=%2Fwp%2Fv2%2Ftags&post=12355"}],"curies":[{"name":"wp","href":"https:\/\/api.w.org\/{rel}","templated":true}]}}