{"id":12478,"date":"2020-03-07T18:23:33","date_gmt":"2020-03-07T16:23:33","guid":{"rendered":"http:\/\/gruene-ratsfraktion-hildesheim.de\/?p=12478"},"modified":"2025-06-24T10:14:34","modified_gmt":"2025-06-24T08:14:34","slug":"fraktion-tagt-mit-den-gruenen-ortraetinnen","status":"publish","type":"post","link":"https:\/\/gruene-ratsfraktion-hildesheim.de\/?p=12478","title":{"rendered":"Fraktion tagt mit den Gr\u00fcnen Ortr\u00e4t*innen"},"content":{"rendered":"\t\t<div data-elementor-type=\"wp-post\" data-elementor-id=\"12478\" class=\"elementor elementor-12478\">\n\t\t\t\t<div class=\"elementor-element elementor-element-1d3f8d9c e-flex e-con-boxed e-con e-parent\" data-id=\"1d3f8d9c\" data-element_type=\"container\">\n\t\t\t\t\t<div class=\"e-con-inner\">\n\t\t\t\t<div class=\"elementor-element elementor-element-51849343 elementor-widget elementor-widget-text-editor\" data-id=\"51849343\" data-element_type=\"widget\" data-widget_type=\"text-editor.default\">\n\t\t\t\t<div class=\"elementor-widget-container\">\n\t\t\t\t\t\t\t<img decoding=\"async\" class=\"alignleft\" src=\"https:\/\/gruene-ratsfraktion-hildesheim.de\/wp-content\/uploads\/2020\/03\/IMG_4540.jpg\" width=\"123\" height=\"185\" \/>\n<!-- wp:paragraph -->\n<p>Die Fraktion hatte die Gr\u00fcnen Ortsr\u00e4t*innen eingeladen. Im ersten Teil des Treffens waren als Vertreter*innen der Verwaltung Frau Weprik und Frau Biel anwesend. Mit Frau Weprik fand ein konstruktiver Austausch zur Zusammenarbeit der Verwaltung und der Vertreter*innen in den Ortsr\u00e4ten statt. Frau Biel stellte das neue Konzept zur Gr\u00fcnpflege in der Stadt Hildesheim vor. Sie bat noch um ein wenig Geduld bis zur Pr\u00e4sentation in den Ortsr\u00e4ten. Die Mitarbeiter*innen w\u00fcrden gern erste Erfahrungen in der bevorstehenden Wachstumsperiode sammeln und diese Ergebnisse in den Ortsr\u00e4ten vorstellen.<\/p>\n<!-- \/wp:paragraph --><!-- wp:paragraph -->\n<p>Der zweite Teil des Treffens diente der Thematisierung der internen Kommunikation. Aus gegebenem Anlass verst\u00e4ndigte man sich auf eine gemeinsame Haltung zur geplanten Ortsr\u00e4te-Konferenz, zu der der Ortsb\u00fcrgermeister des Ortsrates Stadtmitte\/Neustadt f\u00fcr April eingeladen hatte. An dieser Konferenz wird kein Gr\u00fcnes Ortsratsmitglied teilnehmen.<\/p>\n<!-- \/wp:paragraph --><!-- wp:paragraph --><!-- \/wp:paragraph -->\t\t\t\t\t\t<\/div>\n\t\t\t\t<\/div>\n\t\t\t\t\t<\/div>\n\t\t\t\t<\/div>\n\t\t\t\t<\/div>\n\t\t","protected":false},"excerpt":{"rendered":"<p>Die Fraktion hatte die Gr\u00fcnen Ortsr\u00e4t*innen eingeladen. Im ersten Teil des Treffens waren als Vertreter*innen der Verwaltung Frau Weprik und Frau Biel anwesend. Mit Frau Weprik fand ein konstruktiver Austausch&#8230; <\/p>\n","protected":false},"author":1,"featured_media":0,"comment_status":"closed","ping_status":"closed","sticky":false,"template":"","format":"standard","meta":{"footnotes":""},"categories":[194],"tags":[],"class_list":["post-12478","post","type-post","status-publish","format-standard","hentry","category-ortsraete"],"_links":{"self":[{"href":"https:\/\/gruene-ratsfraktion-hildesheim.de\/index.php?rest_route=\/wp\/v2\/posts\/12478","targetHints":{"allow":["GET"]}}],"collection":[{"href":"https:\/\/gruene-ratsfraktion-hildesheim.de\/index.php?rest_route=\/wp\/v2\/posts"}],"about":[{"href":"https:\/\/gruene-ratsfraktion-hildesheim.de\/index.php?rest_route=\/wp\/v2\/types\/post"}],"author":[{"embeddable":true,"href":"https:\/\/gruene-ratsfraktion-hildesheim.de\/index.php?rest_route=\/wp\/v2\/users\/1"}],"replies":[{"embeddable":true,"href":"https:\/\/gruene-ratsfraktion-hildesheim.de\/index.php?rest_route=%2Fwp%2Fv2%2Fcomments&post=12478"}],"version-history":[{"count":13,"href":"https:\/\/gruene-ratsfraktion-hildesheim.de\/index.php?rest_route=\/wp\/v2\/posts\/12478\/revisions"}],"predecessor-version":[{"id":13814,"href":"https:\/\/gruene-ratsfraktion-hildesheim.de\/index.php?rest_route=\/wp\/v2\/posts\/12478\/revisions\/13814"}],"wp:attachment":[{"href":"https:\/\/gruene-ratsfraktion-hildesheim.de\/index.php?rest_route=%2Fwp%2Fv2%2Fmedia&parent=12478"}],"wp:term":[{"taxonomy":"category","embeddable":true,"href":"https:\/\/gruene-ratsfraktion-hildesheim.de\/index.php?rest_route=%2Fwp%2Fv2%2Fcategories&post=12478"},{"taxonomy":"post_tag","embeddable":true,"href":"https:\/\/gruene-ratsfraktion-hildesheim.de\/index.php?rest_route=%2Fwp%2Fv2%2Ftags&post=12478"}],"curies":[{"name":"wp","href":"https:\/\/api.w.org\/{rel}","templated":true}]}}