{"id":12524,"date":"2020-08-27T15:43:21","date_gmt":"2020-08-27T13:43:21","guid":{"rendered":"http:\/\/gruene-ratsfraktion-hildesheim.de\/?p=12524"},"modified":"2025-06-24T10:12:17","modified_gmt":"2025-06-24T08:12:17","slug":"initiative-fuer-den-gruenen-abbiegepfeil-fuer-radfahrer","status":"publish","type":"post","link":"https:\/\/gruene-ratsfraktion-hildesheim.de\/?p=12524","title":{"rendered":"Initiative f\u00fcr den gr\u00fcnen Abbiegepfeil f\u00fcr Radfahrer"},"content":{"rendered":"\t\t<div data-elementor-type=\"wp-post\" data-elementor-id=\"12524\" class=\"elementor elementor-12524\">\n\t\t\t\t<div class=\"elementor-element elementor-element-a51ab2f e-flex e-con-boxed e-con e-parent\" data-id=\"a51ab2f\" data-element_type=\"container\">\n\t\t\t\t\t<div class=\"e-con-inner\">\n\t\t\t\t<div class=\"elementor-element elementor-element-67a43eb9 elementor-widget elementor-widget-text-editor\" data-id=\"67a43eb9\" data-element_type=\"widget\" data-widget_type=\"text-editor.default\">\n\t\t\t\t<div class=\"elementor-widget-container\">\n\t\t\t\t\t\t\t<!-- wp:paragraph -->\n<p>In mehreren Gro\u00dfst\u00e4dten ist der gr\u00fcne Pfeil zum Abbiegen f\u00fcr Radfahrer bereits getestet worden. Die Fraktion hat daher eine Initiative gestartet, auch in Hildesheim geeignete Stellen zu finden, wo durch eine entsprechende Beschilderung das Radfahren attraktiver gestaltet werden k\u00f6nnte. Vorschl\u00e4ge nimmt die Fraktion gern entgegen.<\/p>\n<!-- \/wp:paragraph --><!-- wp:paragraph --><!-- \/wp:paragraph -->\t\t\t\t\t\t<\/div>\n\t\t\t\t<\/div>\n\t\t\t\t\t<\/div>\n\t\t\t\t<\/div>\n\t\t\t\t<\/div>\n\t\t","protected":false},"excerpt":{"rendered":"<p>In mehreren Gro\u00dfst\u00e4dten ist der gr\u00fcne Pfeil zum Abbiegen f\u00fcr Radfahrer bereits getestet worden. Die Fraktion hat daher eine Initiative gestartet, auch in Hildesheim geeignete Stellen zu finden, wo durch&#8230; <\/p>\n","protected":false},"author":1,"featured_media":0,"comment_status":"closed","ping_status":"closed","sticky":false,"template":"","format":"standard","meta":{"footnotes":""},"categories":[114],"tags":[],"class_list":["post-12524","post","type-post","status-publish","format-standard","hentry","category-verkehrspolitik"],"_links":{"self":[{"href":"https:\/\/gruene-ratsfraktion-hildesheim.de\/index.php?rest_route=\/wp\/v2\/posts\/12524","targetHints":{"allow":["GET"]}}],"collection":[{"href":"https:\/\/gruene-ratsfraktion-hildesheim.de\/index.php?rest_route=\/wp\/v2\/posts"}],"about":[{"href":"https:\/\/gruene-ratsfraktion-hildesheim.de\/index.php?rest_route=\/wp\/v2\/types\/post"}],"author":[{"embeddable":true,"href":"https:\/\/gruene-ratsfraktion-hildesheim.de\/index.php?rest_route=\/wp\/v2\/users\/1"}],"replies":[{"embeddable":true,"href":"https:\/\/gruene-ratsfraktion-hildesheim.de\/index.php?rest_route=%2Fwp%2Fv2%2Fcomments&post=12524"}],"version-history":[{"count":16,"href":"https:\/\/gruene-ratsfraktion-hildesheim.de\/index.php?rest_route=\/wp\/v2\/posts\/12524\/revisions"}],"predecessor-version":[{"id":13808,"href":"https:\/\/gruene-ratsfraktion-hildesheim.de\/index.php?rest_route=\/wp\/v2\/posts\/12524\/revisions\/13808"}],"wp:attachment":[{"href":"https:\/\/gruene-ratsfraktion-hildesheim.de\/index.php?rest_route=%2Fwp%2Fv2%2Fmedia&parent=12524"}],"wp:term":[{"taxonomy":"category","embeddable":true,"href":"https:\/\/gruene-ratsfraktion-hildesheim.de\/index.php?rest_route=%2Fwp%2Fv2%2Fcategories&post=12524"},{"taxonomy":"post_tag","embeddable":true,"href":"https:\/\/gruene-ratsfraktion-hildesheim.de\/index.php?rest_route=%2Fwp%2Fv2%2Ftags&post=12524"}],"curies":[{"name":"wp","href":"https:\/\/api.w.org\/{rel}","templated":true}]}}