{"id":12696,"date":"2021-06-04T12:45:27","date_gmt":"2021-06-04T10:45:27","guid":{"rendered":"http:\/\/gruene-ratsfraktion-hildesheim.de\/?p=12696"},"modified":"2025-06-24T09:57:36","modified_gmt":"2025-06-24T07:57:36","slug":"vorschlaege-fuer-weitere-fahrradstrassen","status":"publish","type":"post","link":"https:\/\/gruene-ratsfraktion-hildesheim.de\/?p=12696","title":{"rendered":"Vorschl\u00e4ge f\u00fcr weitere Fahrradstra\u00dfen"},"content":{"rendered":"\t\t<div data-elementor-type=\"wp-post\" data-elementor-id=\"12696\" class=\"elementor elementor-12696\">\n\t\t\t\t<div class=\"elementor-element elementor-element-1ad7b3e4 e-flex e-con-boxed e-con e-parent\" data-id=\"1ad7b3e4\" data-element_type=\"container\">\n\t\t\t\t\t<div class=\"e-con-inner\">\n\t\t\t\t<div class=\"elementor-element elementor-element-28a6305f elementor-widget elementor-widget-text-editor\" data-id=\"28a6305f\" data-element_type=\"widget\" data-widget_type=\"text-editor.default\">\n\t\t\t\t<div class=\"elementor-widget-container\">\n\t\t\t\t\t\t\t<!-- wp:paragraph -->\n<p>Heute wende ich mich wieder an Sie und Euch mit der Bitte um Ideen zum Thema Ver\u00e4nderung im Radverkehr. Die Stadt Hildesheim plant, weitere Fahrradstra\u00dfen auszuweisen und das Netz zu erweitern. Wir bitten um Beteiligung und Vorschl\u00e4ge, potentiell in Frage kommende Stra\u00dfen in Hildesheim zu benennen. Diese w\u00fcrde ich wieder in einer Liste zusammenfassen und in der AG Radverkehr vorstellen. <br \/>Ich freue mich auf Vorschl\u00e4ge bis zum 13.07.2021.<br \/>Wir freuen uns auf Antworten an <a href=\"mailto:fraktion-hi@gruene-hildesheim.de\" target=\"_blank\" rel=\"noreferrer noopener\">fraktion-hi@gruene-hildesheim.de<\/a>.<\/p>\n<!-- \/wp:paragraph --><!-- wp:paragraph -->\n<p>Gr\u00fcne Gr\u00fc\u00dfe, Ulrich R\u00e4biger, (Fraktionsvorsitzender)<\/p>\n<!-- \/wp:paragraph -->\t\t\t\t\t\t<\/div>\n\t\t\t\t<\/div>\n\t\t\t\t\t<\/div>\n\t\t\t\t<\/div>\n\t\t\t\t<\/div>\n\t\t","protected":false},"excerpt":{"rendered":"<p>Heute wende ich mich wieder an Sie und Euch mit der Bitte um Ideen zum Thema Ver\u00e4nderung im Radverkehr. Die Stadt Hildesheim plant, weitere Fahrradstra\u00dfen auszuweisen und das Netz zu&#8230; <\/p>\n","protected":false},"author":1,"featured_media":0,"comment_status":"closed","ping_status":"closed","sticky":false,"template":"","format":"standard","meta":{"footnotes":""},"categories":[115,114],"tags":[],"class_list":["post-12696","post","type-post","status-publish","format-standard","hentry","category-radverkehr","category-verkehrspolitik"],"_links":{"self":[{"href":"https:\/\/gruene-ratsfraktion-hildesheim.de\/index.php?rest_route=\/wp\/v2\/posts\/12696","targetHints":{"allow":["GET"]}}],"collection":[{"href":"https:\/\/gruene-ratsfraktion-hildesheim.de\/index.php?rest_route=\/wp\/v2\/posts"}],"about":[{"href":"https:\/\/gruene-ratsfraktion-hildesheim.de\/index.php?rest_route=\/wp\/v2\/types\/post"}],"author":[{"embeddable":true,"href":"https:\/\/gruene-ratsfraktion-hildesheim.de\/index.php?rest_route=\/wp\/v2\/users\/1"}],"replies":[{"embeddable":true,"href":"https:\/\/gruene-ratsfraktion-hildesheim.de\/index.php?rest_route=%2Fwp%2Fv2%2Fcomments&post=12696"}],"version-history":[{"count":6,"href":"https:\/\/gruene-ratsfraktion-hildesheim.de\/index.php?rest_route=\/wp\/v2\/posts\/12696\/revisions"}],"predecessor-version":[{"id":13775,"href":"https:\/\/gruene-ratsfraktion-hildesheim.de\/index.php?rest_route=\/wp\/v2\/posts\/12696\/revisions\/13775"}],"wp:attachment":[{"href":"https:\/\/gruene-ratsfraktion-hildesheim.de\/index.php?rest_route=%2Fwp%2Fv2%2Fmedia&parent=12696"}],"wp:term":[{"taxonomy":"category","embeddable":true,"href":"https:\/\/gruene-ratsfraktion-hildesheim.de\/index.php?rest_route=%2Fwp%2Fv2%2Fcategories&post=12696"},{"taxonomy":"post_tag","embeddable":true,"href":"https:\/\/gruene-ratsfraktion-hildesheim.de\/index.php?rest_route=%2Fwp%2Fv2%2Ftags&post=12696"}],"curies":[{"name":"wp","href":"https:\/\/api.w.org\/{rel}","templated":true}]}}