{"id":1836,"date":"2014-10-26T23:11:22","date_gmt":"2014-10-26T21:11:22","guid":{"rendered":"http:\/\/gruene-ratsfraktion-hildesheim.de\/?p=1836"},"modified":"2025-06-24T12:39:35","modified_gmt":"2025-06-24T10:39:35","slug":"gruene-fuer-erhalt-der-platanen-auf-dem-neustaedter-markt","status":"publish","type":"post","link":"https:\/\/gruene-ratsfraktion-hildesheim.de\/?p=1836","title":{"rendered":"Gr\u00fcne f\u00fcr Erhalt der Platanen auf dem Neust\u00e4dter Markt"},"content":{"rendered":"\t\t<div data-elementor-type=\"wp-post\" data-elementor-id=\"1836\" class=\"elementor elementor-1836\">\n\t\t\t\t<div class=\"elementor-element elementor-element-31ae5f52 e-flex e-con-boxed e-con e-parent\" data-id=\"31ae5f52\" data-element_type=\"container\">\n\t\t\t\t\t<div class=\"e-con-inner\">\n\t\t\t\t<div class=\"elementor-element elementor-element-496b3bd3 elementor-widget elementor-widget-text-editor\" data-id=\"496b3bd3\" data-element_type=\"widget\" data-widget_type=\"text-editor.default\">\n\t\t\t\t<div class=\"elementor-widget-container\">\n\t\t\t\t\t\t\t<p>Im Streit um den Plan der Verwaltung, vier Platanen auf dem Neust\u00e4dter Markt zu f\u00e4llen, haben die Gr\u00fcnen deutlich Position bezogen: Wir lehnen die F\u00e4llungen ab!<\/p><p>Das Ergebnis einer B\u00fcrgerInnen-Befragung stoppt das Vorhaben der Verwaltung vorerst &#8211; der Ortsrat entscheidet endg\u00fcltig.<\/p>\t\t\t\t\t\t<\/div>\n\t\t\t\t<\/div>\n\t\t\t\t\t<\/div>\n\t\t\t\t<\/div>\n\t\t\t\t<\/div>\n\t\t","protected":false},"excerpt":{"rendered":"<p>Im Streit um den Plan der Verwaltung, vier Platanen auf dem Neust\u00e4dter Markt zu f\u00e4llen, haben die Gr\u00fcnen deutlich Position bezogen: Wir lehnen die F\u00e4llungen ab! Das Ergebnis einer B\u00fcrgerInnen-Befragung&#8230; <\/p>\n","protected":false},"author":1,"featured_media":0,"comment_status":"closed","ping_status":"closed","sticky":false,"template":"","format":"standard","meta":{"footnotes":""},"categories":[120,47,119],"tags":[102],"class_list":["post-1836","post","type-post","status-publish","format-standard","hentry","category-baumschutz","category-aktuell1","category-gruenflaechen","tag-baumfaellungen-stadtgruen"],"_links":{"self":[{"href":"https:\/\/gruene-ratsfraktion-hildesheim.de\/index.php?rest_route=\/wp\/v2\/posts\/1836","targetHints":{"allow":["GET"]}}],"collection":[{"href":"https:\/\/gruene-ratsfraktion-hildesheim.de\/index.php?rest_route=\/wp\/v2\/posts"}],"about":[{"href":"https:\/\/gruene-ratsfraktion-hildesheim.de\/index.php?rest_route=\/wp\/v2\/types\/post"}],"author":[{"embeddable":true,"href":"https:\/\/gruene-ratsfraktion-hildesheim.de\/index.php?rest_route=\/wp\/v2\/users\/1"}],"replies":[{"embeddable":true,"href":"https:\/\/gruene-ratsfraktion-hildesheim.de\/index.php?rest_route=%2Fwp%2Fv2%2Fcomments&post=1836"}],"version-history":[{"count":7,"href":"https:\/\/gruene-ratsfraktion-hildesheim.de\/index.php?rest_route=\/wp\/v2\/posts\/1836\/revisions"}],"predecessor-version":[{"id":14041,"href":"https:\/\/gruene-ratsfraktion-hildesheim.de\/index.php?rest_route=\/wp\/v2\/posts\/1836\/revisions\/14041"}],"wp:attachment":[{"href":"https:\/\/gruene-ratsfraktion-hildesheim.de\/index.php?rest_route=%2Fwp%2Fv2%2Fmedia&parent=1836"}],"wp:term":[{"taxonomy":"category","embeddable":true,"href":"https:\/\/gruene-ratsfraktion-hildesheim.de\/index.php?rest_route=%2Fwp%2Fv2%2Fcategories&post=1836"},{"taxonomy":"post_tag","embeddable":true,"href":"https:\/\/gruene-ratsfraktion-hildesheim.de\/index.php?rest_route=%2Fwp%2Fv2%2Ftags&post=1836"}],"curies":[{"name":"wp","href":"https:\/\/api.w.org\/{rel}","templated":true}]}}