{"id":2512,"date":"2016-06-14T16:53:21","date_gmt":"2016-06-14T14:53:21","guid":{"rendered":"http:\/\/gruene-ratsfraktion-hildesheim.de\/?p=2512"},"modified":"2025-06-24T11:35:15","modified_gmt":"2025-06-24T09:35:15","slug":"joerg-bredtschneider-handlungsbedarf-in-alt-itzum","status":"publish","type":"post","link":"https:\/\/gruene-ratsfraktion-hildesheim.de\/?p=2512","title":{"rendered":"J\u00f6rg Bredtschneider: Handlungsbedarf in Alt-Itzum"},"content":{"rendered":"\t\t<div data-elementor-type=\"wp-post\" data-elementor-id=\"2512\" class=\"elementor elementor-2512\">\n\t\t\t\t<div class=\"elementor-element elementor-element-1a82c336 e-flex e-con-boxed e-con e-parent\" data-id=\"1a82c336\" data-element_type=\"container\">\n\t\t\t\t\t<div class=\"e-con-inner\">\n\t\t\t\t<div class=\"elementor-element elementor-element-22c51467 elementor-widget elementor-widget-text-editor\" data-id=\"22c51467\" data-element_type=\"widget\" data-widget_type=\"text-editor.default\">\n\t\t\t\t<div class=\"elementor-widget-container\">\n\t\t\t\t\t\t\t<p>J\u00f6rg Bredtschneider hat besonders mit Blick auf den Ortsteil Alt-Itzum angemahnt, notwendige Vorkehrungen f\u00fcr einen ausreichenden Hochwasserschutz z\u00fcgig umzusetzen. Er hat desweiteren angefragt, ob es Notfall \u00fcberhaupt Evakuierungspl\u00e4ne gebe.<\/p>\t\t\t\t\t\t<\/div>\n\t\t\t\t<\/div>\n\t\t\t\t\t<\/div>\n\t\t\t\t<\/div>\n\t\t\t\t<\/div>\n\t\t","protected":false},"excerpt":{"rendered":"<p>J\u00f6rg Bredtschneider hat besonders mit Blick auf den Ortsteil Alt-Itzum angemahnt, notwendige Vorkehrungen f\u00fcr einen ausreichenden Hochwasserschutz z\u00fcgig umzusetzen. Er hat desweiteren angefragt, ob es Notfall \u00fcberhaupt Evakuierungspl\u00e4ne gebe.<\/p>\n","protected":false},"author":1,"featured_media":0,"comment_status":"closed","ping_status":"closed","sticky":false,"template":"","format":"standard","meta":{"footnotes":""},"categories":[148],"tags":[147],"class_list":["post-2512","post","type-post","status-publish","format-standard","hentry","category-hochwasserschutz","tag-hochwasserschutz"],"_links":{"self":[{"href":"https:\/\/gruene-ratsfraktion-hildesheim.de\/index.php?rest_route=\/wp\/v2\/posts\/2512","targetHints":{"allow":["GET"]}}],"collection":[{"href":"https:\/\/gruene-ratsfraktion-hildesheim.de\/index.php?rest_route=\/wp\/v2\/posts"}],"about":[{"href":"https:\/\/gruene-ratsfraktion-hildesheim.de\/index.php?rest_route=\/wp\/v2\/types\/post"}],"author":[{"embeddable":true,"href":"https:\/\/gruene-ratsfraktion-hildesheim.de\/index.php?rest_route=\/wp\/v2\/users\/1"}],"replies":[{"embeddable":true,"href":"https:\/\/gruene-ratsfraktion-hildesheim.de\/index.php?rest_route=%2Fwp%2Fv2%2Fcomments&post=2512"}],"version-history":[{"count":5,"href":"https:\/\/gruene-ratsfraktion-hildesheim.de\/index.php?rest_route=\/wp\/v2\/posts\/2512\/revisions"}],"predecessor-version":[{"id":13941,"href":"https:\/\/gruene-ratsfraktion-hildesheim.de\/index.php?rest_route=\/wp\/v2\/posts\/2512\/revisions\/13941"}],"wp:attachment":[{"href":"https:\/\/gruene-ratsfraktion-hildesheim.de\/index.php?rest_route=%2Fwp%2Fv2%2Fmedia&parent=2512"}],"wp:term":[{"taxonomy":"category","embeddable":true,"href":"https:\/\/gruene-ratsfraktion-hildesheim.de\/index.php?rest_route=%2Fwp%2Fv2%2Fcategories&post=2512"},{"taxonomy":"post_tag","embeddable":true,"href":"https:\/\/gruene-ratsfraktion-hildesheim.de\/index.php?rest_route=%2Fwp%2Fv2%2Ftags&post=2512"}],"curies":[{"name":"wp","href":"https:\/\/api.w.org\/{rel}","templated":true}]}}