{"id":2514,"date":"2016-06-14T16:55:40","date_gmt":"2016-06-14T14:55:40","guid":{"rendered":"http:\/\/gruene-ratsfraktion-hildesheim.de\/?p=2514"},"modified":"2025-06-24T11:34:37","modified_gmt":"2025-06-24T09:34:37","slug":"unterstuetzung-fuer-aktivitaeten-des-nabu","status":"publish","type":"post","link":"https:\/\/gruene-ratsfraktion-hildesheim.de\/?p=2514","title":{"rendered":"Unterst\u00fctzung f\u00fcr Aktivit\u00e4ten des NABU"},"content":{"rendered":"\t\t<div data-elementor-type=\"wp-post\" data-elementor-id=\"2514\" class=\"elementor elementor-2514\">\n\t\t\t\t<div class=\"elementor-element elementor-element-7a7e9eff e-flex e-con-boxed e-con e-parent\" data-id=\"7a7e9eff\" data-element_type=\"container\">\n\t\t\t\t\t<div class=\"e-con-inner\">\n\t\t\t\t<div class=\"elementor-element elementor-element-36214043 elementor-widget elementor-widget-text-editor\" data-id=\"36214043\" data-element_type=\"widget\" data-widget_type=\"text-editor.default\">\n\t\t\t\t<div class=\"elementor-widget-container\">\n\t\t\t\t\t\t\t<p>Damit Mauersegler nicht ein Opfer von energetischer Haussanierung werden, hat der NABU vorgeschlagen, bei diesen Arbeiten sogleich Nistk\u00e4stchen aufzuh\u00e4ngen. Ulrich R\u00e4biger hat sich diesen Forderungen angeschlossen und gleichzeitig angeregt, dass man sicher auch Dachdecker-Betriebe f\u00fcr diese Ma\u00dfnahme gewinnen k\u00f6nne.<\/p>\t\t\t\t\t\t<\/div>\n\t\t\t\t<\/div>\n\t\t\t\t\t<\/div>\n\t\t\t\t<\/div>\n\t\t\t\t<\/div>\n\t\t","protected":false},"excerpt":{"rendered":"<p>Damit Mauersegler nicht ein Opfer von energetischer Haussanierung werden, hat der NABU vorgeschlagen, bei diesen Arbeiten sogleich Nistk\u00e4stchen aufzuh\u00e4ngen. Ulrich R\u00e4biger hat sich diesen Forderungen angeschlossen und gleichzeitig angeregt, dass&#8230; <\/p>\n","protected":false},"author":1,"featured_media":0,"comment_status":"closed","ping_status":"closed","sticky":false,"template":"","format":"standard","meta":{"footnotes":""},"categories":[149],"tags":[],"class_list":["post-2514","post","type-post","status-publish","format-standard","hentry","category-naturschutz"],"_links":{"self":[{"href":"https:\/\/gruene-ratsfraktion-hildesheim.de\/index.php?rest_route=\/wp\/v2\/posts\/2514","targetHints":{"allow":["GET"]}}],"collection":[{"href":"https:\/\/gruene-ratsfraktion-hildesheim.de\/index.php?rest_route=\/wp\/v2\/posts"}],"about":[{"href":"https:\/\/gruene-ratsfraktion-hildesheim.de\/index.php?rest_route=\/wp\/v2\/types\/post"}],"author":[{"embeddable":true,"href":"https:\/\/gruene-ratsfraktion-hildesheim.de\/index.php?rest_route=\/wp\/v2\/users\/1"}],"replies":[{"embeddable":true,"href":"https:\/\/gruene-ratsfraktion-hildesheim.de\/index.php?rest_route=%2Fwp%2Fv2%2Fcomments&post=2514"}],"version-history":[{"count":5,"href":"https:\/\/gruene-ratsfraktion-hildesheim.de\/index.php?rest_route=\/wp\/v2\/posts\/2514\/revisions"}],"predecessor-version":[{"id":13938,"href":"https:\/\/gruene-ratsfraktion-hildesheim.de\/index.php?rest_route=\/wp\/v2\/posts\/2514\/revisions\/13938"}],"wp:attachment":[{"href":"https:\/\/gruene-ratsfraktion-hildesheim.de\/index.php?rest_route=%2Fwp%2Fv2%2Fmedia&parent=2514"}],"wp:term":[{"taxonomy":"category","embeddable":true,"href":"https:\/\/gruene-ratsfraktion-hildesheim.de\/index.php?rest_route=%2Fwp%2Fv2%2Fcategories&post=2514"},{"taxonomy":"post_tag","embeddable":true,"href":"https:\/\/gruene-ratsfraktion-hildesheim.de\/index.php?rest_route=%2Fwp%2Fv2%2Ftags&post=2514"}],"curies":[{"name":"wp","href":"https:\/\/api.w.org\/{rel}","templated":true}]}}