{"id":2527,"date":"2016-06-29T08:39:38","date_gmt":"2016-06-29T06:39:38","guid":{"rendered":"http:\/\/gruene-ratsfraktion-hildesheim.de\/?p=2527"},"modified":"2025-06-24T11:33:51","modified_gmt":"2025-06-24T09:33:51","slug":"raebiger-das-aus-fuer-nordumgehung-schafft-platz-fuer-andere-loesungen","status":"publish","type":"post","link":"https:\/\/gruene-ratsfraktion-hildesheim.de\/?p=2527","title":{"rendered":"R\u00e4biger:  Das &#8222;Aus&#8220; f\u00fcr Nordumgehung schafft Platz f\u00fcr andere L\u00f6sungen!"},"content":{"rendered":"\t\t<div data-elementor-type=\"wp-post\" data-elementor-id=\"2527\" class=\"elementor elementor-2527\">\n\t\t\t\t<div class=\"elementor-element elementor-element-6e5320e e-flex e-con-boxed e-con e-parent\" data-id=\"6e5320e\" data-element_type=\"container\">\n\t\t\t\t\t<div class=\"e-con-inner\">\n\t\t\t\t<div class=\"elementor-element elementor-element-385b3561 elementor-widget elementor-widget-text-editor\" data-id=\"385b3561\" data-element_type=\"widget\" data-widget_type=\"text-editor.default\">\n\t\t\t\t<div class=\"elementor-widget-container\">\n\t\t\t\t\t\t\t<img decoding=\"async\" class=\"alignleft\" src=\"https:\/\/gruene-ratsfraktion-hildesheim.de\/wp-content\/uploads\/2013\/10\/RTEmagicC_ulrich_raebiger-jul2011_03.jpg.jpg\" alt=\"Fraktionsvorsitzender Ulrich R\u00e4biger\" width=\"123\" height=\"185\" \/><p>Ulrich R\u00e4biger vermutet, dass das Thema &#8222;Nordumgehung&#8220; durch ist. Das Nieders\u00e4chsische Wirtschaftsministerium hat f\u00fcr die Nordumgehung keinen vordringlichen Bedarf beim Bund angemeldet. Damit k\u00f6nnen nunmehr andere L\u00f6sungen voran getrieben werden.<\/p>\t\t\t\t\t\t<\/div>\n\t\t\t\t<\/div>\n\t\t\t\t\t<\/div>\n\t\t\t\t<\/div>\n\t\t\t\t<\/div>\n\t\t","protected":false},"excerpt":{"rendered":"<p>Ulrich R\u00e4biger vermutet, dass das Thema &#8222;Nordumgehung&#8220; durch ist. Das Nieders\u00e4chsische Wirtschaftsministerium hat f\u00fcr die Nordumgehung keinen vordringlichen Bedarf beim Bund angemeldet. Damit k\u00f6nnen nunmehr andere L\u00f6sungen voran getrieben werden.<\/p>\n","protected":false},"author":1,"featured_media":0,"comment_status":"closed","ping_status":"closed","sticky":false,"template":"","format":"standard","meta":{"footnotes":""},"categories":[117,114],"tags":[],"class_list":["post-2527","post","type-post","status-publish","format-standard","hentry","category-nordumgehung","category-verkehrspolitik"],"_links":{"self":[{"href":"https:\/\/gruene-ratsfraktion-hildesheim.de\/index.php?rest_route=\/wp\/v2\/posts\/2527","targetHints":{"allow":["GET"]}}],"collection":[{"href":"https:\/\/gruene-ratsfraktion-hildesheim.de\/index.php?rest_route=\/wp\/v2\/posts"}],"about":[{"href":"https:\/\/gruene-ratsfraktion-hildesheim.de\/index.php?rest_route=\/wp\/v2\/types\/post"}],"author":[{"embeddable":true,"href":"https:\/\/gruene-ratsfraktion-hildesheim.de\/index.php?rest_route=\/wp\/v2\/users\/1"}],"replies":[{"embeddable":true,"href":"https:\/\/gruene-ratsfraktion-hildesheim.de\/index.php?rest_route=%2Fwp%2Fv2%2Fcomments&post=2527"}],"version-history":[{"count":9,"href":"https:\/\/gruene-ratsfraktion-hildesheim.de\/index.php?rest_route=\/wp\/v2\/posts\/2527\/revisions"}],"predecessor-version":[{"id":13935,"href":"https:\/\/gruene-ratsfraktion-hildesheim.de\/index.php?rest_route=\/wp\/v2\/posts\/2527\/revisions\/13935"}],"wp:attachment":[{"href":"https:\/\/gruene-ratsfraktion-hildesheim.de\/index.php?rest_route=%2Fwp%2Fv2%2Fmedia&parent=2527"}],"wp:term":[{"taxonomy":"category","embeddable":true,"href":"https:\/\/gruene-ratsfraktion-hildesheim.de\/index.php?rest_route=%2Fwp%2Fv2%2Fcategories&post=2527"},{"taxonomy":"post_tag","embeddable":true,"href":"https:\/\/gruene-ratsfraktion-hildesheim.de\/index.php?rest_route=%2Fwp%2Fv2%2Ftags&post=2527"}],"curies":[{"name":"wp","href":"https:\/\/api.w.org\/{rel}","templated":true}]}}