{"id":2537,"date":"2016-08-01T10:14:30","date_gmt":"2016-08-01T08:14:30","guid":{"rendered":"http:\/\/gruene-ratsfraktion-hildesheim.de\/?p=2537"},"modified":"2025-06-24T11:33:05","modified_gmt":"2025-06-24T09:33:05","slug":"ist-die-kulturhauptstadt-bezahlbar","status":"publish","type":"post","link":"https:\/\/gruene-ratsfraktion-hildesheim.de\/?p=2537","title":{"rendered":"Ist die Kulturhauptstadt bezahlbar?"},"content":{"rendered":"\t\t<div data-elementor-type=\"wp-post\" data-elementor-id=\"2537\" class=\"elementor elementor-2537\">\n\t\t\t\t<div class=\"elementor-element elementor-element-69720f22 e-flex e-con-boxed e-con e-parent\" data-id=\"69720f22\" data-element_type=\"container\">\n\t\t\t\t\t<div class=\"e-con-inner\">\n\t\t\t\t<div class=\"elementor-element elementor-element-2804b51b elementor-widget elementor-widget-text-editor\" data-id=\"2804b51b\" data-element_type=\"widget\" data-widget_type=\"text-editor.default\">\n\t\t\t\t<div class=\"elementor-widget-container\">\n\t\t\t\t\t\t\t<p>Die finanzpolitischen Experten von Gr\u00fcnen und SPD haben sich zur Bezahlbarkeit einer Bewerbung der Stadt Hildesheim um den Titel einer europ\u00e4ischen Kulturhauptstadt ge\u00e4u\u00dfert. Mit ihrer Einsch\u00e4tzung m\u00f6chten sie die &#8222;Euphoriebremse&#8220; bet\u00e4tigen.<\/p>\t\t\t\t\t\t<\/div>\n\t\t\t\t<\/div>\n\t\t\t\t\t<\/div>\n\t\t\t\t<\/div>\n\t\t\t\t<\/div>\n\t\t","protected":false},"excerpt":{"rendered":"<p>Die finanzpolitischen Experten von Gr\u00fcnen und SPD haben sich zur Bezahlbarkeit einer Bewerbung der Stadt Hildesheim um den Titel einer europ\u00e4ischen Kulturhauptstadt ge\u00e4u\u00dfert. Mit ihrer Einsch\u00e4tzung m\u00f6chten sie die &#8222;Euphoriebremse&#8220;&#8230; <\/p>\n","protected":false},"author":1,"featured_media":0,"comment_status":"closed","ping_status":"closed","sticky":false,"template":"","format":"standard","meta":{"footnotes":""},"categories":[128],"tags":[151],"class_list":["post-2537","post","type-post","status-publish","format-standard","hentry","category-kultur","tag-kulturhauptstadt"],"_links":{"self":[{"href":"https:\/\/gruene-ratsfraktion-hildesheim.de\/index.php?rest_route=\/wp\/v2\/posts\/2537","targetHints":{"allow":["GET"]}}],"collection":[{"href":"https:\/\/gruene-ratsfraktion-hildesheim.de\/index.php?rest_route=\/wp\/v2\/posts"}],"about":[{"href":"https:\/\/gruene-ratsfraktion-hildesheim.de\/index.php?rest_route=\/wp\/v2\/types\/post"}],"author":[{"embeddable":true,"href":"https:\/\/gruene-ratsfraktion-hildesheim.de\/index.php?rest_route=\/wp\/v2\/users\/1"}],"replies":[{"embeddable":true,"href":"https:\/\/gruene-ratsfraktion-hildesheim.de\/index.php?rest_route=%2Fwp%2Fv2%2Fcomments&post=2537"}],"version-history":[{"count":6,"href":"https:\/\/gruene-ratsfraktion-hildesheim.de\/index.php?rest_route=\/wp\/v2\/posts\/2537\/revisions"}],"predecessor-version":[{"id":13932,"href":"https:\/\/gruene-ratsfraktion-hildesheim.de\/index.php?rest_route=\/wp\/v2\/posts\/2537\/revisions\/13932"}],"wp:attachment":[{"href":"https:\/\/gruene-ratsfraktion-hildesheim.de\/index.php?rest_route=%2Fwp%2Fv2%2Fmedia&parent=2537"}],"wp:term":[{"taxonomy":"category","embeddable":true,"href":"https:\/\/gruene-ratsfraktion-hildesheim.de\/index.php?rest_route=%2Fwp%2Fv2%2Fcategories&post=2537"},{"taxonomy":"post_tag","embeddable":true,"href":"https:\/\/gruene-ratsfraktion-hildesheim.de\/index.php?rest_route=%2Fwp%2Fv2%2Ftags&post=2537"}],"curies":[{"name":"wp","href":"https:\/\/api.w.org\/{rel}","templated":true}]}}