{"id":2608,"date":"2016-11-03T12:47:20","date_gmt":"2016-11-03T10:47:20","guid":{"rendered":"http:\/\/gruene-ratsfraktion-hildesheim.de\/?p=2608"},"modified":"2025-06-24T11:31:25","modified_gmt":"2025-06-24T09:31:25","slug":"kooperation-mit-spd-fraktion-vereinbart","status":"publish","type":"post","link":"https:\/\/gruene-ratsfraktion-hildesheim.de\/?p=2608","title":{"rendered":"Kooperation mit SPD-Fraktion vereinbart"},"content":{"rendered":"\t\t<div data-elementor-type=\"wp-post\" data-elementor-id=\"2608\" class=\"elementor elementor-2608\">\n\t\t\t\t<div class=\"elementor-element elementor-element-1b2661fb e-flex e-con-boxed e-con e-parent\" data-id=\"1b2661fb\" data-element_type=\"container\">\n\t\t\t\t\t<div class=\"e-con-inner\">\n\t\t\t\t<div class=\"elementor-element elementor-element-6241b0ab elementor-widget elementor-widget-text-editor\" data-id=\"6241b0ab\" data-element_type=\"widget\" data-widget_type=\"text-editor.default\">\n\t\t\t\t<div class=\"elementor-widget-container\">\n\t\t\t\t\t\t\t<p>Am Dienstag, den 1.11.2016, haben die Fraktionen von SPD und GR\u00dcNEN eine Kooperationsvereinbarung geschlossen \u00fcber die Fortf\u00fchrung der guten gemeinsamen Zusammenarbeit aus der letzten Legislaturperiode. Die Fraktionsvorsitzenden, Bernd Lynack von der SPD und Ulrich R\u00e4biger, haben den Beschluss gegen\u00fcber der Presse vorgestellt.<\/p><p>&gt;&gt;<a href=\"https:\/\/gruene-ratsfraktion-hildesheim.de\/wp-content\/uploads\/2016\/11\/Kooperationsvereinbarung-SPD-GR\u00dcNE-Text-281016.pdf\"> zum Text der Kooperationsvereinbarung<\/a><\/p>\t\t\t\t\t\t<\/div>\n\t\t\t\t<\/div>\n\t\t\t\t\t<\/div>\n\t\t\t\t<\/div>\n\t\t\t\t<\/div>\n\t\t","protected":false},"excerpt":{"rendered":"<p>Am Dienstag, den 1.11.2016, haben die Fraktionen von SPD und GR\u00dcNEN eine Kooperationsvereinbarung geschlossen \u00fcber die Fortf\u00fchrung der guten gemeinsamen Zusammenarbeit aus der letzten Legislaturperiode. Die Fraktionsvorsitzenden, Bernd Lynack von&#8230; <\/p>\n","protected":false},"author":1,"featured_media":0,"comment_status":"closed","ping_status":"closed","sticky":false,"template":"","format":"standard","meta":{"footnotes":""},"categories":[47,123],"tags":[150],"class_list":["post-2608","post","type-post","status-publish","format-standard","hentry","category-aktuell1","category-personalpolitik","tag-kooperation"],"_links":{"self":[{"href":"https:\/\/gruene-ratsfraktion-hildesheim.de\/index.php?rest_route=\/wp\/v2\/posts\/2608","targetHints":{"allow":["GET"]}}],"collection":[{"href":"https:\/\/gruene-ratsfraktion-hildesheim.de\/index.php?rest_route=\/wp\/v2\/posts"}],"about":[{"href":"https:\/\/gruene-ratsfraktion-hildesheim.de\/index.php?rest_route=\/wp\/v2\/types\/post"}],"author":[{"embeddable":true,"href":"https:\/\/gruene-ratsfraktion-hildesheim.de\/index.php?rest_route=\/wp\/v2\/users\/1"}],"replies":[{"embeddable":true,"href":"https:\/\/gruene-ratsfraktion-hildesheim.de\/index.php?rest_route=%2Fwp%2Fv2%2Fcomments&post=2608"}],"version-history":[{"count":8,"href":"https:\/\/gruene-ratsfraktion-hildesheim.de\/index.php?rest_route=\/wp\/v2\/posts\/2608\/revisions"}],"predecessor-version":[{"id":13926,"href":"https:\/\/gruene-ratsfraktion-hildesheim.de\/index.php?rest_route=\/wp\/v2\/posts\/2608\/revisions\/13926"}],"wp:attachment":[{"href":"https:\/\/gruene-ratsfraktion-hildesheim.de\/index.php?rest_route=%2Fwp%2Fv2%2Fmedia&parent=2608"}],"wp:term":[{"taxonomy":"category","embeddable":true,"href":"https:\/\/gruene-ratsfraktion-hildesheim.de\/index.php?rest_route=%2Fwp%2Fv2%2Fcategories&post=2608"},{"taxonomy":"post_tag","embeddable":true,"href":"https:\/\/gruene-ratsfraktion-hildesheim.de\/index.php?rest_route=%2Fwp%2Fv2%2Ftags&post=2608"}],"curies":[{"name":"wp","href":"https:\/\/api.w.org\/{rel}","templated":true}]}}