{"id":2625,"date":"2016-11-08T18:28:58","date_gmt":"2016-11-08T16:28:58","guid":{"rendered":"http:\/\/gruene-ratsfraktion-hildesheim.de\/?p=2625"},"modified":"2016-11-08T18:40:45","modified_gmt":"2016-11-08T16:40:45","slug":"joerg-bredtschneider-erneut-zum-buergermeister-gewaehlt","status":"publish","type":"post","link":"https:\/\/gruene-ratsfraktion-hildesheim.de\/?p=2625","title":{"rendered":"J\u00f6rg Bredtschneider vom neuen Rat erneut zum B\u00fcrgermeister gew\u00e4hlt"},"content":{"rendered":"<p><img decoding=\"async\" class=\"alignleft\" src=\"https:\/\/gruene-ratsfraktion-hildesheim.de\/wp-content\/uploads\/2016\/09\/Bredtschneider_1.png\" width=\"123\" height=\"185\" \/><br \/>\n<a class=\"fancybox\" rel=\"gallery2625\" href=\"https:\/\/gruene-ratsfraktion-hildesheim.de\/wp-content\/uploads\/2016\/11\/IMG_0597.jpg\"><img decoding=\"async\" class=\"alignleft\" src=\"https:\/\/gruene-ratsfraktion-hildesheim.de\/wp-content\/uploads\/2016\/11\/IMG_0597.jpg\" width=\"220\" height=\"220\" \/><\/a><\/p>\n<p>In der konstituierenden Sitzung des neuen Rats ist J\u00f6rg Bredtschneider erneut zum B\u00fcrgermeister gew\u00e4hlt worden.<\/p>\n<p>Auf dem Bild die neue Fraktion von links:<\/p>\n<p>Volker Spieth, J\u00f6rg Bredtschneider, Dr. Doris Wendt, Rosa Wagner-Kr\u00f6ger, Ursula Oehlschl\u00e4ger, Thomas Kittel, Silke Hennig (Fraktionsgesch\u00e4ftsf\u00fchrerin), Ulrich R\u00e4biger.<\/p>\n<p>&nbsp;<\/p>\n","protected":false},"excerpt":{"rendered":"<p>In der konstituierenden Sitzung des neuen Rats ist J\u00f6rg Bredtschneider erneut zum B\u00fcrgermeister gew\u00e4hlt worden. Auf dem Bild die neue Fraktion von links: Volker Spieth, J\u00f6rg Bredtschneider, Dr. Doris Wendt,&#8230; <\/p>\n","protected":false},"author":1,"featured_media":0,"comment_status":"closed","ping_status":"closed","sticky":false,"template":"","format":"standard","meta":{"footnotes":""},"categories":[123],"tags":[],"class_list":["post-2625","post","type-post","status-publish","format-standard","hentry","category-personalpolitik"],"_links":{"self":[{"href":"https:\/\/gruene-ratsfraktion-hildesheim.de\/index.php?rest_route=\/wp\/v2\/posts\/2625","targetHints":{"allow":["GET"]}}],"collection":[{"href":"https:\/\/gruene-ratsfraktion-hildesheim.de\/index.php?rest_route=\/wp\/v2\/posts"}],"about":[{"href":"https:\/\/gruene-ratsfraktion-hildesheim.de\/index.php?rest_route=\/wp\/v2\/types\/post"}],"author":[{"embeddable":true,"href":"https:\/\/gruene-ratsfraktion-hildesheim.de\/index.php?rest_route=\/wp\/v2\/users\/1"}],"replies":[{"embeddable":true,"href":"https:\/\/gruene-ratsfraktion-hildesheim.de\/index.php?rest_route=%2Fwp%2Fv2%2Fcomments&post=2625"}],"version-history":[{"count":7,"href":"https:\/\/gruene-ratsfraktion-hildesheim.de\/index.php?rest_route=\/wp\/v2\/posts\/2625\/revisions"}],"predecessor-version":[{"id":2633,"href":"https:\/\/gruene-ratsfraktion-hildesheim.de\/index.php?rest_route=\/wp\/v2\/posts\/2625\/revisions\/2633"}],"wp:attachment":[{"href":"https:\/\/gruene-ratsfraktion-hildesheim.de\/index.php?rest_route=%2Fwp%2Fv2%2Fmedia&parent=2625"}],"wp:term":[{"taxonomy":"category","embeddable":true,"href":"https:\/\/gruene-ratsfraktion-hildesheim.de\/index.php?rest_route=%2Fwp%2Fv2%2Fcategories&post=2625"},{"taxonomy":"post_tag","embeddable":true,"href":"https:\/\/gruene-ratsfraktion-hildesheim.de\/index.php?rest_route=%2Fwp%2Fv2%2Ftags&post=2625"}],"curies":[{"name":"wp","href":"https:\/\/api.w.org\/{rel}","templated":true}]}}