{"id":2678,"date":"2017-03-20T08:45:07","date_gmt":"2017-03-20T06:45:07","guid":{"rendered":"http:\/\/gruene-ratsfraktion-hildesheim.de\/?p=2678"},"modified":"2025-06-24T11:28:45","modified_gmt":"2025-06-24T09:28:45","slug":"die-kulturhauptstadt-2025-kann-kommen","status":"publish","type":"post","link":"https:\/\/gruene-ratsfraktion-hildesheim.de\/?p=2678","title":{"rendered":"Die Kulturhauptstadt 2025 kann kommen!"},"content":{"rendered":"\t\t<div data-elementor-type=\"wp-post\" data-elementor-id=\"2678\" class=\"elementor elementor-2678\">\n\t\t\t\t<div class=\"elementor-element elementor-element-76d698f9 e-flex e-con-boxed e-con e-parent\" data-id=\"76d698f9\" data-element_type=\"container\">\n\t\t\t\t\t<div class=\"e-con-inner\">\n\t\t\t\t<div class=\"elementor-element elementor-element-534f3b99 elementor-widget elementor-widget-text-editor\" data-id=\"534f3b99\" data-element_type=\"widget\" data-widget_type=\"text-editor.default\">\n\t\t\t\t<div class=\"elementor-widget-container\">\n\t\t\t\t\t\t\t<p>Gemeinsam mit SPD, Unabh\u00e4ngigen, Linken und Ratsfrau Julia Zink-T\u00e4nzer haben wir der Presse unseren \u00c4nderungsantrag zur Kulturhauptstadt 2025 der Presse vorgestellt.<\/p><p>Der gr\u00f6\u00dfte Unterschied zur Ratsvorlage der Stadtverwaltung ist, dass wir in finanziellen und inhaltlichen Bereichen Konkretisierungen vornehmen.<br \/>So gibt es eine Kostenbremse, die sicherstellt, dass wir auch weiterhin den Zukunftsvertrag mit dem Land Niedersachsen einhalten und die Entschuldung vorantreiben k\u00f6nnen. Inhaltlich benennen wir Punkte, die in dem zu erarbeitenden Konzept ber\u00fccksichtigt werden sollen. Hierzu geh\u00f6ren zum Beispiel die Erstellung eines verbindlichen, regionalen Kulturentwicklungsplanes f\u00fcr Stadt und Landkreis und eine Bestandsaufnahme, Entwicklung und Beteiligung der Kultur- und Bildungseinrichtungen, inklusive der Freien Kulturszene.<\/p><p>Alle \u00c4nderungen im Detail findet man hier:<br \/>https:\/\/www.sitzungsdienst-hildesheim.de\/bi\/vo020.asp?VOLFDNR=5194%0D%0A<\/p><p>\u00d6ffentlich diskutiert werden alle Antr\u00e4ge<br \/>am Montag, 20.03.17 im Ausschuss f\u00fcr Kultur und Demografie,<br \/>am 22.03.17 im Ausschuss f\u00fcr Finanzen, Wirtschaftsf\u00f6rderung und Liegenschaften<br \/>und im Stadtrat am 03.04.17<\/p><p>&gt;&gt; <a href=\"https:\/\/gruene-ratsfraktion-hildesheim.de\/wp-content\/uploads\/2017\/04\/17-106-1-\u00c4nderungsantrag-Kulturhauptstadt-Bewerbung.pdf\">Antrag von Gr\u00fcnen\/SPD\/Unabh\u00e4ngigen, Linken und Ratsfrau Zink-T\u00e4nzer &#8211; Fassung 31.3.2017<\/a><\/p>\t\t\t\t\t\t<\/div>\n\t\t\t\t<\/div>\n\t\t\t\t\t<\/div>\n\t\t\t\t<\/div>\n\t\t\t\t<\/div>\n\t\t","protected":false},"excerpt":{"rendered":"<p>Gemeinsam mit SPD, Unabh\u00e4ngigen, Linken und Ratsfrau Julia Zink-T\u00e4nzer haben wir der Presse unseren \u00c4nderungsantrag zur Kulturhauptstadt 2025 der Presse vorgestellt. Der gr\u00f6\u00dfte Unterschied zur Ratsvorlage der Stadtverwaltung ist, dass&#8230; <\/p>\n","protected":false},"author":1,"featured_media":0,"comment_status":"closed","ping_status":"closed","sticky":false,"template":"","format":"standard","meta":{"footnotes":""},"categories":[128],"tags":[151],"class_list":["post-2678","post","type-post","status-publish","format-standard","hentry","category-kultur","tag-kulturhauptstadt"],"_links":{"self":[{"href":"https:\/\/gruene-ratsfraktion-hildesheim.de\/index.php?rest_route=\/wp\/v2\/posts\/2678","targetHints":{"allow":["GET"]}}],"collection":[{"href":"https:\/\/gruene-ratsfraktion-hildesheim.de\/index.php?rest_route=\/wp\/v2\/posts"}],"about":[{"href":"https:\/\/gruene-ratsfraktion-hildesheim.de\/index.php?rest_route=\/wp\/v2\/types\/post"}],"author":[{"embeddable":true,"href":"https:\/\/gruene-ratsfraktion-hildesheim.de\/index.php?rest_route=\/wp\/v2\/users\/1"}],"replies":[{"embeddable":true,"href":"https:\/\/gruene-ratsfraktion-hildesheim.de\/index.php?rest_route=%2Fwp%2Fv2%2Fcomments&post=2678"}],"version-history":[{"count":8,"href":"https:\/\/gruene-ratsfraktion-hildesheim.de\/index.php?rest_route=\/wp\/v2\/posts\/2678\/revisions"}],"predecessor-version":[{"id":13917,"href":"https:\/\/gruene-ratsfraktion-hildesheim.de\/index.php?rest_route=\/wp\/v2\/posts\/2678\/revisions\/13917"}],"wp:attachment":[{"href":"https:\/\/gruene-ratsfraktion-hildesheim.de\/index.php?rest_route=%2Fwp%2Fv2%2Fmedia&parent=2678"}],"wp:term":[{"taxonomy":"category","embeddable":true,"href":"https:\/\/gruene-ratsfraktion-hildesheim.de\/index.php?rest_route=%2Fwp%2Fv2%2Fcategories&post=2678"},{"taxonomy":"post_tag","embeddable":true,"href":"https:\/\/gruene-ratsfraktion-hildesheim.de\/index.php?rest_route=%2Fwp%2Fv2%2Ftags&post=2678"}],"curies":[{"name":"wp","href":"https:\/\/api.w.org\/{rel}","templated":true}]}}