{"id":3069,"date":"2018-09-26T21:19:22","date_gmt":"2018-09-26T19:19:22","guid":{"rendered":"http:\/\/gruene-ratsfraktion-hildesheim.de\/?p=3069"},"modified":"2025-06-24T10:59:28","modified_gmt":"2025-06-24T08:59:28","slug":"klaerschlamm-verbrennung-unsere-position","status":"publish","type":"post","link":"https:\/\/gruene-ratsfraktion-hildesheim.de\/?p=3069","title":{"rendered":"Kl\u00e4rschlamm-Verbrennung &#8211; unsere Position"},"content":{"rendered":"\t\t<div data-elementor-type=\"wp-post\" data-elementor-id=\"3069\" class=\"elementor elementor-3069\">\n\t\t\t\t<div class=\"elementor-element elementor-element-716d94b1 e-flex e-con-boxed e-con e-parent\" data-id=\"716d94b1\" data-element_type=\"container\">\n\t\t\t\t\t<div class=\"e-con-inner\">\n\t\t\t\t<div class=\"elementor-element elementor-element-17c8442b elementor-widget elementor-widget-text-editor\" data-id=\"17c8442b\" data-element_type=\"widget\" data-widget_type=\"text-editor.default\">\n\t\t\t\t<div class=\"elementor-widget-container\">\n\t\t\t\t\t\t\t<img decoding=\"async\" class=\"alignleft\" src=\"https:\/\/gruene-ratsfraktion-hildesheim.de\/wp-content\/uploads\/2016\/09\/Raebiger_1.png\" width=\"123\" height=\"185\" \/><p>Ulrich R\u00e4biger hat an einer Info-Fahrt zu einer Kl\u00e4rschlamm-Verbrennungsanlage teilgenommen und geht von daher nur von minimalen Belastungen f\u00fcr die Umgebung aus. Wichtig ist aus Sicht der Fraktion auch, mit welchen Belastungen f\u00fcr die Transportwege zu rechnen ist. Es sollen Regelungen getroffen werden, die sicherstellen, dass nur wenig Kl\u00e4rschlamm \u00fcber die Stra\u00dfe angeliefert wird.<\/p>\t\t\t\t\t\t<\/div>\n\t\t\t\t<\/div>\n\t\t\t\t\t<\/div>\n\t\t\t\t<\/div>\n\t\t\t\t<\/div>\n\t\t","protected":false},"excerpt":{"rendered":"<p>Ulrich R\u00e4biger hat an einer Info-Fahrt zu einer Kl\u00e4rschlamm-Verbrennungsanlage teilgenommen und geht von daher nur von minimalen Belastungen f\u00fcr die Umgebung aus. Wichtig ist aus Sicht der Fraktion auch, mit&#8230; <\/p>\n","protected":false},"author":1,"featured_media":0,"comment_status":"closed","ping_status":"closed","sticky":false,"template":"","format":"standard","meta":{"footnotes":""},"categories":[163,161],"tags":[164],"class_list":["post-3069","post","type-post","status-publish","format-standard","hentry","category-industrieansiedlung","category-kanal-und-hafen","tag-klaerschlamm"],"_links":{"self":[{"href":"https:\/\/gruene-ratsfraktion-hildesheim.de\/index.php?rest_route=\/wp\/v2\/posts\/3069","targetHints":{"allow":["GET"]}}],"collection":[{"href":"https:\/\/gruene-ratsfraktion-hildesheim.de\/index.php?rest_route=\/wp\/v2\/posts"}],"about":[{"href":"https:\/\/gruene-ratsfraktion-hildesheim.de\/index.php?rest_route=\/wp\/v2\/types\/post"}],"author":[{"embeddable":true,"href":"https:\/\/gruene-ratsfraktion-hildesheim.de\/index.php?rest_route=\/wp\/v2\/users\/1"}],"replies":[{"embeddable":true,"href":"https:\/\/gruene-ratsfraktion-hildesheim.de\/index.php?rest_route=%2Fwp%2Fv2%2Fcomments&post=3069"}],"version-history":[{"count":7,"href":"https:\/\/gruene-ratsfraktion-hildesheim.de\/index.php?rest_route=\/wp\/v2\/posts\/3069\/revisions"}],"predecessor-version":[{"id":13854,"href":"https:\/\/gruene-ratsfraktion-hildesheim.de\/index.php?rest_route=\/wp\/v2\/posts\/3069\/revisions\/13854"}],"wp:attachment":[{"href":"https:\/\/gruene-ratsfraktion-hildesheim.de\/index.php?rest_route=%2Fwp%2Fv2%2Fmedia&parent=3069"}],"wp:term":[{"taxonomy":"category","embeddable":true,"href":"https:\/\/gruene-ratsfraktion-hildesheim.de\/index.php?rest_route=%2Fwp%2Fv2%2Fcategories&post=3069"},{"taxonomy":"post_tag","embeddable":true,"href":"https:\/\/gruene-ratsfraktion-hildesheim.de\/index.php?rest_route=%2Fwp%2Fv2%2Ftags&post=3069"}],"curies":[{"name":"wp","href":"https:\/\/api.w.org\/{rel}","templated":true}]}}