{"id":3117,"date":"2018-11-10T21:44:09","date_gmt":"2018-11-10T19:44:09","guid":{"rendered":"http:\/\/gruene-ratsfraktion-hildesheim.de\/?p=3117"},"modified":"2025-06-24T10:56:29","modified_gmt":"2025-06-24T08:56:29","slug":"fraktion-weist-vorwuerfe-der-afd-fraktion-gegen-die-rbg-zurueck","status":"publish","type":"post","link":"https:\/\/gruene-ratsfraktion-hildesheim.de\/?p=3117","title":{"rendered":"Fraktion weist Vorw\u00fcrfe der AfD-Fraktion gegen die RBG zur\u00fcck"},"content":{"rendered":"\t\t<div data-elementor-type=\"wp-post\" data-elementor-id=\"3117\" class=\"elementor elementor-3117\">\n\t\t\t\t<div class=\"elementor-element elementor-element-5b70bf09 e-flex e-con-boxed e-con e-parent\" data-id=\"5b70bf09\" data-element_type=\"container\">\n\t\t\t\t\t<div class=\"e-con-inner\">\n\t\t\t\t<div class=\"elementor-element elementor-element-46116e2e elementor-widget elementor-widget-text-editor\" data-id=\"46116e2e\" data-element_type=\"widget\" data-widget_type=\"text-editor.default\">\n\t\t\t\t<div class=\"elementor-widget-container\">\n\t\t\t\t\t\t\t<img decoding=\"async\" class=\"alignleft\" src=\"https:\/\/gruene-ratsfraktion-hildesheim.de\/wp-content\/uploads\/2016\/09\/Wendt_1.png\" width=\"123\" height=\"185\" \/><p>Im Schulausschuss hat Doris Wendt die Vorw\u00fcrfe der AfD-Fraktion gegen den Schulleiter der RBG zur\u00fcckgewiesen. Die couragierte Fotoaktion gegen Rechtsextremismus an der Schule ist von der Schulaufsichtsbeh\u00f6rde nicht beanstandet worden.<\/p>\t\t\t\t\t\t<\/div>\n\t\t\t\t<\/div>\n\t\t\t\t\t<\/div>\n\t\t\t\t<\/div>\n\t\t\t\t<\/div>\n\t\t","protected":false},"excerpt":{"rendered":"<p>Im Schulausschuss hat Doris Wendt die Vorw\u00fcrfe der AfD-Fraktion gegen den Schulleiter der RBG zur\u00fcckgewiesen. Die couragierte Fotoaktion gegen Rechtsextremismus an der Schule ist von der Schulaufsichtsbeh\u00f6rde nicht beanstandet worden.<\/p>\n","protected":false},"author":1,"featured_media":0,"comment_status":"closed","ping_status":"closed","sticky":false,"template":"","format":"standard","meta":{"footnotes":""},"categories":[168],"tags":[176],"class_list":["post-3117","post","type-post","status-publish","format-standard","hentry","category-rechtsextremismus","tag-rbg"],"_links":{"self":[{"href":"https:\/\/gruene-ratsfraktion-hildesheim.de\/index.php?rest_route=\/wp\/v2\/posts\/3117","targetHints":{"allow":["GET"]}}],"collection":[{"href":"https:\/\/gruene-ratsfraktion-hildesheim.de\/index.php?rest_route=\/wp\/v2\/posts"}],"about":[{"href":"https:\/\/gruene-ratsfraktion-hildesheim.de\/index.php?rest_route=\/wp\/v2\/types\/post"}],"author":[{"embeddable":true,"href":"https:\/\/gruene-ratsfraktion-hildesheim.de\/index.php?rest_route=\/wp\/v2\/users\/1"}],"replies":[{"embeddable":true,"href":"https:\/\/gruene-ratsfraktion-hildesheim.de\/index.php?rest_route=%2Fwp%2Fv2%2Fcomments&post=3117"}],"version-history":[{"count":6,"href":"https:\/\/gruene-ratsfraktion-hildesheim.de\/index.php?rest_route=\/wp\/v2\/posts\/3117\/revisions"}],"predecessor-version":[{"id":13848,"href":"https:\/\/gruene-ratsfraktion-hildesheim.de\/index.php?rest_route=\/wp\/v2\/posts\/3117\/revisions\/13848"}],"wp:attachment":[{"href":"https:\/\/gruene-ratsfraktion-hildesheim.de\/index.php?rest_route=%2Fwp%2Fv2%2Fmedia&parent=3117"}],"wp:term":[{"taxonomy":"category","embeddable":true,"href":"https:\/\/gruene-ratsfraktion-hildesheim.de\/index.php?rest_route=%2Fwp%2Fv2%2Fcategories&post=3117"},{"taxonomy":"post_tag","embeddable":true,"href":"https:\/\/gruene-ratsfraktion-hildesheim.de\/index.php?rest_route=%2Fwp%2Fv2%2Ftags&post=3117"}],"curies":[{"name":"wp","href":"https:\/\/api.w.org\/{rel}","templated":true}]}}