{"id":8048,"date":"2019-02-08T14:08:56","date_gmt":"2019-02-08T12:08:56","guid":{"rendered":"http:\/\/gruene-ratsfraktion-hildesheim.de\/?p=8048"},"modified":"2022-10-20T21:21:15","modified_gmt":"2022-10-20T19:21:15","slug":"seenotrettung-wir-stehen-zu-unserer-verantwortung","status":"publish","type":"post","link":"https:\/\/gruene-ratsfraktion-hildesheim.de\/?p=8048","title":{"rendered":"Seenotrettung &#8211; wir stehen zu unserer Verantwortung!"},"content":{"rendered":"<p><img decoding=\"async\" class=\"alignleft\" src=\"https:\/\/gruene-ratsfraktion-hildesheim.de\/wp-content\/uploads\/2016\/09\/Oehlschl\u00e4ger.png\" width=\"123\" height=\"185\">Der Rat der Stadt Hildesheim hat im August letzten Jahres eine Resolution zur Seenotrettung verabschiedet. Mit dieser sieht sich der Rat in der Verantwortung dem Beispiel anderer Kommunen zu folgen und sieht es als w\u00fcnschenswert an, in Seenot geratene Fl\u00fcchtlinge aufzunehmen.<!--more--><\/p>\n<p>Wenn jede Kommune ein bisschen was beitr\u00e4gt, k\u00f6nnen wir helfen die Not zu lindern. Ja, wir haben eine zugewiesene Quote der Aufnahme von Fl\u00fcchtlingen zu erf\u00fcllen \u2013 aber egal, ob sie erf\u00fcllt wird oder nicht: Wir haben Platz f\u00fcr mindestens eine weitere Familie oder 2-6 Personen, die aus Seenot gerettet wurden und sich die L\u00e4nder weigern sie aufzunehmen.<br \/>\nWenn das viele Kommunen sagen, ist den Menschen, die auf der Flucht vor Hunger, Elend und Krieg sich auf den Schiffen im Mittelmeer befinden, geholfen.<br \/>\nWir regen an, dass die Stadt Hildesheim die Bereitschaft der Aufnahme von bis zu sechs in Seenot geretteten Menschen beim Bundesministerium des Innern anzeigt!<br \/>\n(Unter TOP 9 Anfragen und Anregungen im Ausschuss Jugend, Soziales und Integration am 29.01.2019 gestellt von Ursula Oehlschl\u00e4ger)<\/p>\n","protected":false},"excerpt":{"rendered":"<p>Der Rat der Stadt Hildesheim hat im August letzten Jahres eine Resolution zur Seenotrettung verabschiedet. Mit dieser sieht sich der Rat in der Verantwortung dem Beispiel anderer Kommunen zu folgen&#8230; <\/p>\n","protected":false},"author":1,"featured_media":0,"comment_status":"closed","ping_status":"closed","sticky":false,"template":"","format":"standard","meta":{"footnotes":""},"categories":[131],"tags":[113],"class_list":["post-8048","post","type-post","status-publish","format-standard","hentry","category-migration-und-integration","tag-migration"],"_links":{"self":[{"href":"https:\/\/gruene-ratsfraktion-hildesheim.de\/index.php?rest_route=\/wp\/v2\/posts\/8048","targetHints":{"allow":["GET"]}}],"collection":[{"href":"https:\/\/gruene-ratsfraktion-hildesheim.de\/index.php?rest_route=\/wp\/v2\/posts"}],"about":[{"href":"https:\/\/gruene-ratsfraktion-hildesheim.de\/index.php?rest_route=\/wp\/v2\/types\/post"}],"author":[{"embeddable":true,"href":"https:\/\/gruene-ratsfraktion-hildesheim.de\/index.php?rest_route=\/wp\/v2\/users\/1"}],"replies":[{"embeddable":true,"href":"https:\/\/gruene-ratsfraktion-hildesheim.de\/index.php?rest_route=%2Fwp%2Fv2%2Fcomments&post=8048"}],"version-history":[{"count":3,"href":"https:\/\/gruene-ratsfraktion-hildesheim.de\/index.php?rest_route=\/wp\/v2\/posts\/8048\/revisions"}],"predecessor-version":[{"id":8051,"href":"https:\/\/gruene-ratsfraktion-hildesheim.de\/index.php?rest_route=\/wp\/v2\/posts\/8048\/revisions\/8051"}],"wp:attachment":[{"href":"https:\/\/gruene-ratsfraktion-hildesheim.de\/index.php?rest_route=%2Fwp%2Fv2%2Fmedia&parent=8048"}],"wp:term":[{"taxonomy":"category","embeddable":true,"href":"https:\/\/gruene-ratsfraktion-hildesheim.de\/index.php?rest_route=%2Fwp%2Fv2%2Fcategories&post=8048"},{"taxonomy":"post_tag","embeddable":true,"href":"https:\/\/gruene-ratsfraktion-hildesheim.de\/index.php?rest_route=%2Fwp%2Fv2%2Ftags&post=8048"}],"curies":[{"name":"wp","href":"https:\/\/api.w.org\/{rel}","templated":true}]}}