{"id":835,"date":"2013-12-18T18:30:07","date_gmt":"2013-12-18T16:30:07","guid":{"rendered":"http:\/\/gruene-ratsfraktion-hildesheim.de\/?p=835"},"modified":"2013-12-24T13:04:00","modified_gmt":"2013-12-24T11:04:00","slug":"offener-brief-an-die-hildesheimer-allgemeine-zeitung","status":"publish","type":"post","link":"https:\/\/gruene-ratsfraktion-hildesheim.de\/?p=835","title":{"rendered":"Offener Brief an die Hildesheimer Allgemeine Zeitung"},"content":{"rendered":"<p><b>Respekt<\/b><\/p>\n<p>Sehr geehrter Herr H\u00fcttemann,\u00a0 sehr geehrte Redaktion, sehr geehrte Gesch\u00e4ftsf\u00fchrung<\/p>\n<p>Mangelnden Respekt und Anstand auf Seiten des Rates vermisst die HAZ im Kommentar von Manfred H\u00fcttemann zur letzten Ratssitzung von Kurt Machens. Nun ist diese Stadt in der Haltung\u00a0 zu Kurt Machens\u00a0 gespalten und Herr H\u00fcttemann hat nie einen Hehl daraus gemacht, auf wessen Seite er steht. Dennoch soll der Vorwurf, der Rat h\u00e4tte sich respektlos und unanst\u00e4ndig verhalten, hier nicht unkommentiert stehen bleiben. (<a href=\"https:\/\/gruene-ratsfraktion-hildesheim.de\/wp-content\/uploads\/2013\/12\/Offener-Brief-an-die-Hildesheimer-Allgemeine-Zeitung1.pdf\" target=\"_blank\">vollst\u00e4ndiges Dokument als pdf<\/a>) \u00a0 <!--more--><\/p>\n<p>Wie Sie wissen, gab es von Seiten der Fraktionsvorsitzenden den Wunsch, Kurt Machens in angemessener Form nach der letzten Ratssitzung zu verabschieden.\u00a0 Hier erschien uns der Ratsvorsitzende G\u00f6ke in der ihm eigenen zur\u00fcckhaltend neutralen Art am geeignetsten. Kurt Machens hat diesen Vorschlag und auch eine anderweitige Verabschiedung in der Sitzung deutlich abgelehnt.<\/p>\n<p>Wie Sie selbst in der HAZ vom 14.12. berichten, sagte Kurt Machens zu dem Angebot, dass ihm\u00a0 Anl\u00e4sse dieser Art nicht l\u00e4gen. Sie kommentieren dann: \u201eWas der OB nicht sagt: Wer will sich schon von den Parteien trotz m\u00f6glicher Weihnachtsharmonie verabschieden lassen, die alles daran gesetzt haben, ihn aus dem Amt zu fegen?\u201c Den Kompromissvorschlag, Herr G\u00f6ke solle verabschieden, kommentieren sie mit dem Hinweis des OB \u201e ein Ratsvorsitzender d\u00fcrfe rein formell nur Ratssitzungen leiten..\u201c<\/p>\n<p>Das Wort Respekt wird mit Begriffen wie \u201eZur\u00fcckschauen, R\u00fccksicht oder Ber\u00fccksichtigung\u201c \u00fcbersetzt. Ber\u00fccksichtigen hei\u00dft aber auch, dass der Wunsch eines Menschen respektiert bzw. ber\u00fccksichtigt \u00a0wird und man sich nicht dar\u00fcber hinweg setzt, weil dies vielleicht in der \u00d6ffentlichkeit besser ankommt. Wir haben den Wunsch Kurt Machens respektiert und ihm damit Respekt erwiesen.<\/p>\n<p>Und noch einen Satz zu dem nun schon innerhalb von wenigen Tagen von Ihnen gebrauchten Begriffes, der OB w\u00e4re aus dem Amt gefegt worden. Auch wenn es f\u00fcr Sie, Herr H\u00fcttemann, bitter ist, aber die W\u00e4hler dieser Stadt und nicht die Ratsfraktionen haben Ingo Meyer zum neuen Oberb\u00fcrgermeister gew\u00e4hlt. Dieses war eine demokratische Wahl, kein Ausfegen und kein Putsch. Und deshalb w\u00e4r etwas mehr Respekt vor den W\u00e4hlern und demokratischen Wahlen\u00a0 der sachlichen Auseinandersetzung\u00a0 dieser Stadt dienlich, um Ihre Begrifflichkeit aufzunehmen.<\/p>\n<p>Ulrich R\u00e4biger,\u00a0Fraktionsvorsitzender B\u00fcndnis 90\/Die Gr\u00fcnen<\/p>\n<p>Corinna Finke,\u00a0Fraktionsvorsitzende SPD<\/p>\n<p>Ulrich Kumme, Fraktionsvorsitzender CDU<\/p>\n","protected":false},"excerpt":{"rendered":"<p>Respekt Sehr geehrter Herr H\u00fcttemann,\u00a0 sehr geehrte Redaktion, sehr geehrte Gesch\u00e4ftsf\u00fchrung Mangelnden Respekt und Anstand auf Seiten des Rates vermisst die HAZ im Kommentar von Manfred H\u00fcttemann zur letzten Ratssitzung&#8230; <\/p>\n","protected":false},"author":1,"featured_media":0,"comment_status":"closed","ping_status":"closed","sticky":false,"template":"","format":"standard","meta":{"footnotes":""},"categories":[47],"tags":[65,64],"class_list":["post-835","post","type-post","status-publish","format-standard","hentry","category-aktuell1","tag-hiaz","tag-pressemitteilung"],"_links":{"self":[{"href":"https:\/\/gruene-ratsfraktion-hildesheim.de\/index.php?rest_route=\/wp\/v2\/posts\/835","targetHints":{"allow":["GET"]}}],"collection":[{"href":"https:\/\/gruene-ratsfraktion-hildesheim.de\/index.php?rest_route=\/wp\/v2\/posts"}],"about":[{"href":"https:\/\/gruene-ratsfraktion-hildesheim.de\/index.php?rest_route=\/wp\/v2\/types\/post"}],"author":[{"embeddable":true,"href":"https:\/\/gruene-ratsfraktion-hildesheim.de\/index.php?rest_route=\/wp\/v2\/users\/1"}],"replies":[{"embeddable":true,"href":"https:\/\/gruene-ratsfraktion-hildesheim.de\/index.php?rest_route=%2Fwp%2Fv2%2Fcomments&post=835"}],"version-history":[{"count":7,"href":"https:\/\/gruene-ratsfraktion-hildesheim.de\/index.php?rest_route=\/wp\/v2\/posts\/835\/revisions"}],"predecessor-version":[{"id":894,"href":"https:\/\/gruene-ratsfraktion-hildesheim.de\/index.php?rest_route=\/wp\/v2\/posts\/835\/revisions\/894"}],"wp:attachment":[{"href":"https:\/\/gruene-ratsfraktion-hildesheim.de\/index.php?rest_route=%2Fwp%2Fv2%2Fmedia&parent=835"}],"wp:term":[{"taxonomy":"category","embeddable":true,"href":"https:\/\/gruene-ratsfraktion-hildesheim.de\/index.php?rest_route=%2Fwp%2Fv2%2Fcategories&post=835"},{"taxonomy":"post_tag","embeddable":true,"href":"https:\/\/gruene-ratsfraktion-hildesheim.de\/index.php?rest_route=%2Fwp%2Fv2%2Ftags&post=835"}],"curies":[{"name":"wp","href":"https:\/\/api.w.org\/{rel}","templated":true}]}}